{"id":13108,"date":"2026-07-29T12:28:51","date_gmt":"2026-07-29T18:28:51","guid":{"rendered":"https:\/\/puertahaciaelarte.com\/?p=13108"},"modified":"2026-07-29T12:58:15","modified_gmt":"2026-07-29T18:58:15","slug":"las-cuatro-estaciones","status":"publish","type":"post","link":"https:\/\/puertahaciaelarte.com\/index.php\/2026\/07\/29\/las-cuatro-estaciones\/","title":{"rendered":"LAS CUATRO ESTACIONES"},"content":{"rendered":"\n<!--more-->\n\n\n\n<p class=\"wp-block-paragraph\">POR: Dalia De Le\u00f3n Adams<\/p>\n\n\n\n<p class=\"has-text-align-center wp-block-paragraph\">ANTONIO VIVALDI<\/p>\n\n\n\n<p class=\"has-text-align-center wp-block-paragraph\"><em>Bajo la Narrativa de JUAN ARTURO BRANNAN<\/em><\/p>\n\n\n\n<figure class=\"wp-block-image size-large wp-duotone-grayscale\"><img loading=\"lazy\" decoding=\"async\" width=\"768\" height=\"1024\" src=\"https:\/\/puertahaciaelarte.com\/wp-content\/uploads\/2026\/07\/8-19-768x1024.jpeg\" alt=\"\" class=\"wp-image-13109\" srcset=\"https:\/\/puertahaciaelarte.com\/wp-content\/uploads\/2026\/07\/8-19-768x1024.jpeg 768w, https:\/\/puertahaciaelarte.com\/wp-content\/uploads\/2026\/07\/8-19-225x300.jpeg 225w, https:\/\/puertahaciaelarte.com\/wp-content\/uploads\/2026\/07\/8-19-1152x1536.jpeg 1152w, https:\/\/puertahaciaelarte.com\/wp-content\/uploads\/2026\/07\/8-19.jpeg 1200w\" sizes=\"auto, (max-width: 706px) 89vw, (max-width: 767px) 82vw, 740px\" \/><\/figure>\n\n\n\n<p class=\"wp-block-paragraph\"><strong>En la hermosa CAPILLA G\u00d3TICA del Instituto Cultural Hel\u00e9nico se est\u00e1 presentando el excelso concierto de LAS CUATRO ESTACIONES<\/strong> del ic\u00f3nico m\u00fasico veneciano ANTONIO VIVALDI, con LA CAMERATA, OPUS 11, cuya narraci\u00f3n acerca de la vida y obra de tan importante genio de la m\u00fasica, as\u00ed como de la parte descriptiva y po\u00e9tica de cada fragmento que componen su concierto barroco, corre a cuenta del ya ilustre JUAN ARTURO BRENNAN<\/p>\n\n\n\n<p class=\"wp-block-paragraph\">A manera de sinopsis le dir\u00e9 qu\u00e9 ANTONIO VIVALDI nacido en Venecia el 4 de marzo del a\u00f1o 1678, cuyos padres fueron Giovanni Batista Vivaldi y Camila Calicchio, falleci\u00f3 en la Ciudad de Viena, Austria, tras de una intoxicaci\u00f3n de hongos venenosos, resultando ser sus funerales, muy pobres y sin m\u00fasica.<\/p>\n\n\n\n<p class=\"wp-block-paragraph\">ANTONIO VIVALDI inicialmente se dedic\u00f3 al sacerdocio (cat\u00f3lico) y, tras de no poder continuar ejerciendo por motivos de salud, se dedicar\u00eda a la m\u00fasica como compositor, violinista y profesor, teniendo cerca de 700 conciertos, y, como su seguidor (fan) a nada menos que a su hom\u00f3logo contempor\u00e1neo, Johann Sebasti\u00e1n Bach (Eisenach, Alemania 1685-1750), quien inspirado en la&nbsp; m\u00fasica de VIVALDI, cre\u00f3 alguno de sus conciertos.<\/p>\n\n\n\n<p class=\"wp-block-paragraph\">Todo eso y much\u00edsimos m\u00e1s datos, entre la po\u00e9tica con la que fueron escritas las obras de ANTONIO VIVALDI, fueron comentadas entre fragmentos que se iban haciendo escuchar, de las CUATRO ESTACIONES, en cuya ejecuci\u00f3n del concierto, LA CAMARATA, OPUS 11 present\u00f3 los instrumento que secularmente fueron utilizados durante el periodo barroco por ANTONIO VIVALDI&nbsp; y, por ende, en sus conciertos.<\/p>\n\n\n\n<div class=\"wp-block-cover has-parallax is-repeated\"><div class=\"wp-block-cover__image-background wp-image-13112 has-parallax is-repeated\" style=\"background-position:50% 50%;background-image:url(https:\/\/puertahaciaelarte.com\/wp-content\/uploads\/2026\/07\/0-13-1024x576.jpeg)\"><\/div><span aria-hidden=\"true\" class=\"wp-block-cover__background has-background-dim\"><\/span><div class=\"wp-block-cover__inner-container is-layout-flow wp-block-cover-is-layout-flow\">\n<p class=\"has-text-align-center has-large-font-size wp-block-paragraph\"><\/p>\n<\/div><\/div>\n\n\n\n<div class=\"wp-block-cover has-parallax is-repeated\"><div class=\"wp-block-cover__image-background wp-image-13113 has-parallax is-repeated\" style=\"background-position:50% 50%;background-image:url(https:\/\/puertahaciaelarte.com\/wp-content\/uploads\/2026\/07\/00-6-1024x576.jpeg)\"><\/div><span aria-hidden=\"true\" class=\"wp-block-cover__background has-background-dim\"><\/span><div class=\"wp-block-cover__inner-container is-layout-flow wp-block-cover-is-layout-flow\">\n<p class=\"has-text-align-center has-large-font-size wp-block-paragraph\"><\/p>\n<\/div><\/div>\n\n\n\n<div class=\"wp-block-cover has-parallax is-repeated\"><div class=\"wp-block-cover__image-background wp-image-13114 has-parallax is-repeated\" style=\"background-position:50% 50%;background-image:url(https:\/\/puertahaciaelarte.com\/wp-content\/uploads\/2026\/07\/000-3-1024x576.jpeg)\"><\/div><span aria-hidden=\"true\" class=\"wp-block-cover__background has-background-dim\"><\/span><div class=\"wp-block-cover__inner-container is-layout-flow wp-block-cover-is-layout-flow\">\n<p class=\"has-text-align-center has-large-font-size wp-block-paragraph\"><\/p>\n<\/div><\/div>\n\n\n\n<div class=\"wp-block-cover has-parallax is-repeated\"><div class=\"wp-block-cover__image-background wp-image-13115 has-parallax is-repeated\" style=\"background-position:58% 62%;background-image:url(https:\/\/puertahaciaelarte.com\/wp-content\/uploads\/2026\/07\/11-10-1024x768.jpeg)\"><\/div><span aria-hidden=\"true\" class=\"wp-block-cover__background has-background-dim\"><\/span><div class=\"wp-block-cover__inner-container is-layout-flow wp-block-cover-is-layout-flow\">\n<p class=\"has-text-align-center has-large-font-size wp-block-paragraph\"><\/p>\n<\/div><\/div>\n\n\n\n<div class=\"wp-block-cover has-parallax is-repeated\"><div class=\"wp-block-cover__image-background wp-image-13125 has-parallax is-repeated\" style=\"background-position:61% 52%;background-image:url(https:\/\/puertahaciaelarte.com\/wp-content\/uploads\/2026\/07\/6-20-768x1024.jpeg)\"><\/div><span aria-hidden=\"true\" class=\"wp-block-cover__background has-background-dim\"><\/span><div class=\"wp-block-cover__inner-container is-layout-flow wp-block-cover-is-layout-flow\">\n<p class=\"has-text-align-center has-large-font-size wp-block-paragraph\"><\/p>\n<\/div><\/div>\n\n\n\n<p class=\"wp-block-paragraph\">Instrumentos que para la musicalizaci\u00f3n de LAS CUATRO ESTACIONES se precis\u00f3 una Viola Da Gamba, un Violone, un Clavec\u00edn, &nbsp;Violines y Violas, como hizo saber JUAN ARTURO BRENNAN, quien le comento, es un gran music\u00f3logo, periodista cultural, productor en radio y televisi\u00f3n, adem\u00e1s de ser el autor de varios libros, entre los que se encuentran \u201cC\u00f3mo acercarse a la m\u00fasica\u201d, \u201cGonzalo Gabira: los utensilios del ruido\u201d y \u201cPentagrama de Letras\u201d, en fin, JUAN ARTURO BRENNAN es \u00a1Una verdadera eminencia!<\/p>\n\n\n\n<div class=\"wp-block-cover has-parallax is-repeated\"><div class=\"wp-block-cover__image-background wp-image-13110 has-parallax is-repeated\" style=\"background-position:47% 45%;background-image:url(https:\/\/puertahaciaelarte.com\/wp-content\/uploads\/2026\/07\/5-18-768x1024.jpeg)\"><\/div><span aria-hidden=\"true\" class=\"wp-block-cover__background has-background-dim\"><\/span><div class=\"wp-block-cover__inner-container is-layout-flow wp-block-cover-is-layout-flow\">\n<p class=\"has-text-align-center has-large-font-size wp-block-paragraph\"><\/p>\n<\/div><\/div>\n\n\n\n<div class=\"wp-block-cover has-parallax is-repeated\"><div class=\"wp-block-cover__image-background wp-image-13111 has-parallax is-repeated\" style=\"background-position:61% 50%;background-image:url(https:\/\/puertahaciaelarte.com\/wp-content\/uploads\/2026\/07\/4-19-768x1024.jpeg)\"><\/div><span aria-hidden=\"true\" class=\"wp-block-cover__background has-background-dim\"><\/span><div class=\"wp-block-cover__inner-container is-layout-flow wp-block-cover-is-layout-flow\">\n<p class=\"has-text-align-center has-large-font-size wp-block-paragraph\"><\/p>\n<\/div><\/div>\n\n\n\n<p class=\"wp-block-paragraph\">Finalmente le comento qu\u00e9 LA CAMERATA, OPUS 11 tambi\u00e9n presenta VIVALD\u00cdSIMO un concierto que integra hermosas composiciones de ANTONIO VIVALDI que pr\u00e1cticamente resultan desconocidas (cerca de 60) y qu\u00e9 en cada funci\u00f3n ser\u00e1n presentadas variando las m\u00faltiples obras musicales.<\/p>\n\n\n\n<p class=\"has-text-align-center wp-block-paragraph\"><em>Fotograf\u00edas y video a cargo de<\/em><\/p>\n\n\n\n<p class=\"has-text-align-center wp-block-paragraph\"><em>GIBRAN SALLOUN DE LE\u00d3N<\/em><\/p>\n\n\n\n<p class=\"wp-block-paragraph\">Instagram: @cameratapous11<\/p>\n\n\n\n<p class=\"wp-block-paragraph\">https:\/\/www.cultura.gob.mx<\/p>\n\n\n\n<p class=\"wp-block-paragraph\">https:\/\/musicaenvivo.com.mx<\/p>\n\n\n\n<figure class=\"wp-block-embed is-type-video is-provider-youtube wp-block-embed-youtube wp-embed-aspect-9-16 wp-has-aspect-ratio\"><div class=\"wp-block-embed__wrapper\">\n<iframe loading=\"lazy\" title=\"LAS CUATRO ESTACIONES de Vivaldi\" width=\"443\" height=\"788\" src=\"https:\/\/www.youtube.com\/embed\/AN9liEi9wa8?feature=oembed\" frameborder=\"0\" allow=\"accelerometer; autoplay; clipboard-write; encrypted-media; gyroscope; picture-in-picture; web-share\" referrerpolicy=\"strict-origin-when-cross-origin\" allowfullscreen><\/iframe>\n<\/div><\/figure>\n\n\n\n<figure class=\"wp-block-embed is-type-video is-provider-youtube wp-block-embed-youtube wp-embed-aspect-9-16 wp-has-aspect-ratio\"><div class=\"wp-block-embed__wrapper\">\n<iframe loading=\"lazy\" title=\"JUAN ARTURO BRENNAN\" width=\"443\" height=\"788\" src=\"https:\/\/www.youtube.com\/embed\/BFK2DozRPZw?feature=oembed\" frameborder=\"0\" allow=\"accelerometer; autoplay; clipboard-write; encrypted-media; gyroscope; picture-in-picture; web-share\" referrerpolicy=\"strict-origin-when-cross-origin\" allowfullscreen><\/iframe>\n<\/div><\/figure>\n\n\n\n<figure class=\"wp-block-embed is-type-video is-provider-youtube wp-block-embed-youtube wp-embed-aspect-9-16 wp-has-aspect-ratio\"><div class=\"wp-block-embed__wrapper\">\n<iframe loading=\"lazy\" title=\"LAS CUATRO ESTACIONES\" width=\"443\" height=\"788\" src=\"https:\/\/www.youtube.com\/embed\/e4y3sImkZq8?feature=oembed\" frameborder=\"0\" allow=\"accelerometer; autoplay; clipboard-write; encrypted-media; gyroscope; picture-in-picture; web-share\" referrerpolicy=\"strict-origin-when-cross-origin\" allowfullscreen><\/iframe>\n<\/div><\/figure>\n","protected":false},"excerpt":{"rendered":"","protected":false},"author":3,"featured_media":13110,"comment_status":"open","ping_status":"closed","sticky":false,"template":"","format":"standard","meta":{"footnotes":""},"categories":[16],"tags":[],"class_list":["post-13108","post","type-post","status-publish","format-standard","has-post-thumbnail","hentry","category-musica"],"_links":{"self":[{"href":"https:\/\/puertahaciaelarte.com\/index.php\/wp-json\/wp\/v2\/posts\/13108","targetHints":{"allow":["GET"]}}],"collection":[{"href":"https:\/\/puertahaciaelarte.com\/index.php\/wp-json\/wp\/v2\/posts"}],"about":[{"href":"https:\/\/puertahaciaelarte.com\/index.php\/wp-json\/wp\/v2\/types\/post"}],"author":[{"embeddable":true,"href":"https:\/\/puertahaciaelarte.com\/index.php\/wp-json\/wp\/v2\/users\/3"}],"replies":[{"embeddable":true,"href":"https:\/\/puertahaciaelarte.com\/index.php\/wp-json\/wp\/v2\/comments?post=13108"}],"version-history":[{"count":6,"href":"https:\/\/puertahaciaelarte.com\/index.php\/wp-json\/wp\/v2\/posts\/13108\/revisions"}],"predecessor-version":[{"id":13127,"href":"https:\/\/puertahaciaelarte.com\/index.php\/wp-json\/wp\/v2\/posts\/13108\/revisions\/13127"}],"wp:featuredmedia":[{"embeddable":true,"href":"https:\/\/puertahaciaelarte.com\/index.php\/wp-json\/wp\/v2\/media\/13110"}],"wp:attachment":[{"href":"https:\/\/puertahaciaelarte.com\/index.php\/wp-json\/wp\/v2\/media?parent=13108"}],"wp:term":[{"taxonomy":"category","embeddable":true,"href":"https:\/\/puertahaciaelarte.com\/index.php\/wp-json\/wp\/v2\/categories?post=13108"},{"taxonomy":"post_tag","embeddable":true,"href":"https:\/\/puertahaciaelarte.com\/index.php\/wp-json\/wp\/v2\/tags?post=13108"}],"curies":[{"name":"wp","href":"https:\/\/api.w.org\/{rel}","templated":true}]}}