{"id":10865,"date":"2026-05-01T09:57:04","date_gmt":"2026-05-01T15:57:04","guid":{"rendered":"https:\/\/puertahaciaelarte.com\/?p=10865"},"modified":"2026-05-01T10:13:34","modified_gmt":"2026-05-01T16:13:34","slug":"caasag-2026","status":"publish","type":"post","link":"https:\/\/puertahaciaelarte.com\/index.php\/2026\/05\/01\/caasag-2026\/","title":{"rendered":"CAASAG 2026"},"content":{"rendered":"\n<!--more-->\n\n\n\n<p>POR: Dalia De Le\u00f3n Adams<\/p>\n\n\n\n<p class=\"has-text-align-center\"><em>*CONGRESO INTERNACIONAL DE LAS UNIVERSIDADES*<\/em><\/p>\n\n\n\n<figure class=\"wp-block-image size-large wp-duotone-grayscale\"><img loading=\"lazy\" decoding=\"async\" width=\"1024\" height=\"683\" src=\"https:\/\/puertahaciaelarte.com\/wp-content\/uploads\/2026\/05\/8-1-1024x683.jpeg\" alt=\"\" class=\"wp-image-10867\" srcset=\"https:\/\/puertahaciaelarte.com\/wp-content\/uploads\/2026\/05\/8-1-1024x683.jpeg 1024w, https:\/\/puertahaciaelarte.com\/wp-content\/uploads\/2026\/05\/8-1-300x200.jpeg 300w, https:\/\/puertahaciaelarte.com\/wp-content\/uploads\/2026\/05\/8-1-768x512.jpeg 768w, https:\/\/puertahaciaelarte.com\/wp-content\/uploads\/2026\/05\/8-1-1536x1024.jpeg 1536w, https:\/\/puertahaciaelarte.com\/wp-content\/uploads\/2026\/05\/8-1.jpeg 1599w\" sizes=\"auto, (max-width: 706px) 89vw, (max-width: 767px) 82vw, 740px\" \/><\/figure>\n\n\n\n<figure class=\"wp-block-image size-large\"><img loading=\"lazy\" decoding=\"async\" width=\"1024\" height=\"683\" src=\"https:\/\/puertahaciaelarte.com\/wp-content\/uploads\/2026\/05\/8-1024x683.jpeg\" alt=\"\" class=\"wp-image-10866\" srcset=\"https:\/\/puertahaciaelarte.com\/wp-content\/uploads\/2026\/05\/8-1024x683.jpeg 1024w, https:\/\/puertahaciaelarte.com\/wp-content\/uploads\/2026\/05\/8-300x200.jpeg 300w, https:\/\/puertahaciaelarte.com\/wp-content\/uploads\/2026\/05\/8-768x512.jpeg 768w, https:\/\/puertahaciaelarte.com\/wp-content\/uploads\/2026\/05\/8-1536x1024.jpeg 1536w, https:\/\/puertahaciaelarte.com\/wp-content\/uploads\/2026\/05\/8.jpeg 1599w\" sizes=\"auto, (max-width: 706px) 89vw, (max-width: 767px) 82vw, 740px\" \/><\/figure>\n\n\n\n<p><strong>EL COLEGIO DE ALIANZAS ACAD\u00c9MICAS SAN ANDR\u00c9S DE GUANAJUATO<\/strong>, cuya Sede actualmente se encuentra en el Estado de Quer\u00e9taro, con fecha del 22 y 23 de mayo 2026 abrir\u00e1 sus puertas en su CENTRO DE CONGRESOS para dar paso al \u201cEncuentro Acad\u00e9mico\u201d que tiene programado para realizar actividades institucionales en PRO de unificar y promover la EDUCACI\u00d3N, bajo un enfoque informativo con proyecci\u00f3n Internacional, en lo que ser\u00e1 la Primera Reuni\u00f3n Oficial del Colegiado que permitan la integraci\u00f3n de nuevas instituciones y espacios de di\u00e1logo estrat\u00e9gico.<\/p>\n\n\n\n<p>Por tal motivo y con la intenci\u00f3n de hacer p\u00fablica la invitaci\u00f3n a las diversas Universidades de La Rep\u00fablica Mexicana y pa\u00edses Extranjeros que deseen sumarse a \u00e9sta iniciativa que tiene como base el programar y abrir rutas, que beneficien al Sector Educativo en todos sus rubros y \u00e1mbitos, como lo son por mencionar algunos, el campo de la Ciencia, la Tecnolog\u00eda, la Medicina, Ingenier\u00eda, el Arte y Diciplinas e Humanidades, con el respaldo de Instituciones como La Secretar\u00eda de Educaci\u00f3n P\u00fablica.<\/p>\n\n\n\n<p>El objetivo a seguir es el ampliar el conocimiento en todas sus vertientes, as\u00ed como el dar paso a la investigaci\u00f3n y especializaci\u00f3n del campo de la Educaci\u00f3n en General, que de tal modo permitan y abran brecha tanto la actualizaci\u00f3n tan creciente d\u00eda a d\u00eda, como a la posibilidad de ampliar rutas &nbsp;y modernizar de las t\u00e9cnicas y los m\u00e9todos de aprendizaje en las Universidades de una manera Global.<\/p>\n\n\n\n<p>Por ello algunos de los integrantes e invitados honorarios del CAASAG nos dieron cita a la prensa, participando en la Mesa Directiva del Evento, el DR. EDGAR RUB\u00c9N MEDINA RIVERO, Presidente del Colegiado y Alianzas Acad\u00e9micas \u201cSan Andr\u00e9s de Guanajuato\u201d; DR. ENRIQUE KU HERRERA, Autoridad de gran presencia en Pol\u00edticas Educativas y Miembro Honor\u00edfico de CASAAG; EDGAR VALENZUELA, Presidente del Sal\u00f3n de la Fama M\u00e9xico Latinoam\u00e9rica; MAESTRA ANG\u00c9LICA MARIMAR MEDINA CRUZ; y el LIC. OSCAR HERN\u00c1NDEZ VEGA; Productor Ejecutivo del Programa \u201cA Quien Corresponda\u201d de TV Azteca y Ponente del CAASAG.<\/p>\n\n\n\n<div class=\"wp-block-cover has-parallax\"><div class=\"wp-block-cover__image-background wp-image-10875 has-parallax\" style=\"background-position:50% 50%;background-image:url(https:\/\/puertahaciaelarte.com\/wp-content\/uploads\/2026\/05\/10-683x1024.jpeg)\"><\/div><span aria-hidden=\"true\" class=\"wp-block-cover__background has-background-dim\"><\/span><div class=\"wp-block-cover__inner-container is-layout-flow wp-block-cover-is-layout-flow\">\n<p class=\"has-text-align-center has-large-font-size\"><\/p>\n<\/div><\/div>\n\n\n\n<div class=\"wp-block-cover has-parallax is-repeated\"><div class=\"wp-block-cover__image-background wp-image-10874 has-parallax is-repeated\" style=\"background-position:50% 50%;background-image:url(https:\/\/puertahaciaelarte.com\/wp-content\/uploads\/2026\/05\/13-2-683x1024.jpeg)\"><\/div><span aria-hidden=\"true\" class=\"wp-block-cover__background has-background-dim\"><\/span><div class=\"wp-block-cover__inner-container is-layout-flow wp-block-cover-is-layout-flow\">\n<p class=\"has-text-align-center has-large-font-size\"><\/p>\n<\/div><\/div>\n\n\n\n<div class=\"wp-block-cover has-parallax is-repeated\"><div class=\"wp-block-cover__image-background wp-image-10871 has-parallax is-repeated\" style=\"background-position:50% 50%;background-image:url(https:\/\/puertahaciaelarte.com\/wp-content\/uploads\/2026\/05\/16-1024x683.jpeg)\"><\/div><span aria-hidden=\"true\" class=\"wp-block-cover__background has-background-dim\"><\/span><div class=\"wp-block-cover__inner-container is-layout-flow wp-block-cover-is-layout-flow\">\n<p class=\"has-text-align-center has-large-font-size\"><\/p>\n<\/div><\/div>\n\n\n\n<div class=\"wp-block-cover has-parallax is-repeated\"><div class=\"wp-block-cover__image-background wp-image-10880 has-parallax is-repeated\" style=\"background-position:50% 50%;background-image:url(https:\/\/puertahaciaelarte.com\/wp-content\/uploads\/2026\/05\/0-683x1024.jpeg)\"><\/div><span aria-hidden=\"true\" class=\"wp-block-cover__background has-background-dim\"><\/span><div class=\"wp-block-cover__inner-container is-layout-flow wp-block-cover-is-layout-flow\">\n<p class=\"has-text-align-center has-large-font-size\"><\/p>\n<\/div><\/div>\n\n\n\n<div class=\"wp-block-cover has-parallax is-repeated\"><div class=\"wp-block-cover__image-background wp-image-10870 has-parallax is-repeated\" style=\"background-position:50% 50%;background-image:url(https:\/\/puertahaciaelarte.com\/wp-content\/uploads\/2026\/05\/7-1024x683.jpeg)\"><\/div><span aria-hidden=\"true\" class=\"wp-block-cover__background has-background-dim\"><\/span><div class=\"wp-block-cover__inner-container is-layout-flow wp-block-cover-is-layout-flow\">\n<p class=\"has-text-align-center has-large-font-size\"><\/p>\n<\/div><\/div>\n\n\n\n<p>Y como mencionaron y debemos recordar finalmente:<\/p>\n\n\n\n<p><em>\u00a1EDUCAR, es el construir un mejor futuro para Nuestro M\u00e9xico!\u201d<\/em><\/p>\n\n\n\n<p>Tel\u00e9fono de Informes: 479 228 6990<\/p>\n\n\n\n<p>#CAASAG<\/p>\n\n\n\n<p>RP: Vicky L\u00f3pez<\/p>\n\n\n\n<figure class=\"wp-block-embed is-type-video is-provider-youtube wp-block-embed-youtube wp-embed-aspect-16-9 wp-has-aspect-ratio\"><div class=\"wp-block-embed__wrapper\">\n<iframe loading=\"lazy\" title=\"CAMPA\u00d1A JUNTOS POR LA EDUCACI\u00d3N EN M\u00c9XICO \" width=\"525\" height=\"295\" src=\"https:\/\/www.youtube.com\/embed\/ND6KTDcXTVU?feature=oembed\" frameborder=\"0\" allow=\"accelerometer; autoplay; clipboard-write; encrypted-media; gyroscope; picture-in-picture; web-share\" referrerpolicy=\"strict-origin-when-cross-origin\" allowfullscreen><\/iframe>\n<\/div><\/figure>\n\n\n\n<figure class=\"wp-block-embed is-type-video is-provider-youtube wp-block-embed-youtube wp-embed-aspect-16-9 wp-has-aspect-ratio\"><div class=\"wp-block-embed__wrapper\">\n<iframe loading=\"lazy\" title=\"CAMPA\u00d1A JUNTOS POR LA EDUCACI\u00d3N EN M\u00c9XICO \" width=\"525\" height=\"295\" src=\"https:\/\/www.youtube.com\/embed\/duaZJUDXgtY?feature=oembed\" frameborder=\"0\" allow=\"accelerometer; autoplay; clipboard-write; encrypted-media; gyroscope; picture-in-picture; web-share\" referrerpolicy=\"strict-origin-when-cross-origin\" allowfullscreen><\/iframe>\n<\/div><\/figure>\n\n\n\n<div class=\"wp-block-cover has-parallax is-repeated wp-duotone-magenta-yellow\"><div class=\"wp-block-cover__image-background wp-image-10886 has-parallax is-repeated\" style=\"background-position:50% 50%;background-image:url(https:\/\/puertahaciaelarte.com\/wp-content\/uploads\/2026\/05\/9-683x1024.jpeg)\"><\/div><span aria-hidden=\"true\" class=\"wp-block-cover__background has-background-dim\"><\/span><div class=\"wp-block-cover__inner-container is-layout-flow wp-block-cover-is-layout-flow\">\n<p class=\"has-text-align-center has-large-font-size\">CAASAG 2026<\/p>\n\n\n\n<p>CENTRO DE CONGRESOS DE QUER\u00c9TARO.<\/p>\n<\/div><\/div>\n","protected":false},"excerpt":{"rendered":"","protected":false},"author":3,"featured_media":10866,"comment_status":"open","ping_status":"closed","sticky":false,"template":"","format":"standard","meta":{"footnotes":""},"categories":[18,1],"tags":[],"class_list":["post-10865","post","type-post","status-publish","format-standard","has-post-thumbnail","hentry","category-eventos","category-uncategorized"],"_links":{"self":[{"href":"https:\/\/puertahaciaelarte.com\/index.php\/wp-json\/wp\/v2\/posts\/10865","targetHints":{"allow":["GET"]}}],"collection":[{"href":"https:\/\/puertahaciaelarte.com\/index.php\/wp-json\/wp\/v2\/posts"}],"about":[{"href":"https:\/\/puertahaciaelarte.com\/index.php\/wp-json\/wp\/v2\/types\/post"}],"author":[{"embeddable":true,"href":"https:\/\/puertahaciaelarte.com\/index.php\/wp-json\/wp\/v2\/users\/3"}],"replies":[{"embeddable":true,"href":"https:\/\/puertahaciaelarte.com\/index.php\/wp-json\/wp\/v2\/comments?post=10865"}],"version-history":[{"count":10,"href":"https:\/\/puertahaciaelarte.com\/index.php\/wp-json\/wp\/v2\/posts\/10865\/revisions"}],"predecessor-version":[{"id":10889,"href":"https:\/\/puertahaciaelarte.com\/index.php\/wp-json\/wp\/v2\/posts\/10865\/revisions\/10889"}],"wp:featuredmedia":[{"embeddable":true,"href":"https:\/\/puertahaciaelarte.com\/index.php\/wp-json\/wp\/v2\/media\/10866"}],"wp:attachment":[{"href":"https:\/\/puertahaciaelarte.com\/index.php\/wp-json\/wp\/v2\/media?parent=10865"}],"wp:term":[{"taxonomy":"category","embeddable":true,"href":"https:\/\/puertahaciaelarte.com\/index.php\/wp-json\/wp\/v2\/categories?post=10865"},{"taxonomy":"post_tag","embeddable":true,"href":"https:\/\/puertahaciaelarte.com\/index.php\/wp-json\/wp\/v2\/tags?post=10865"}],"curies":[{"name":"wp","href":"https:\/\/api.w.org\/{rel}","templated":true}]}}