{"id":10753,"date":"2026-04-27T10:07:11","date_gmt":"2026-04-27T16:07:11","guid":{"rendered":"https:\/\/puertahaciaelarte.com\/?p=10753"},"modified":"2026-04-27T10:27:15","modified_gmt":"2026-04-27T16:27:15","slug":"concierto-de-laureano-brizuela","status":"publish","type":"post","link":"https:\/\/puertahaciaelarte.com\/index.php\/2026\/04\/27\/concierto-de-laureano-brizuela\/","title":{"rendered":"Concierto de LAUREANO BRIZUELA"},"content":{"rendered":"\n<!--more-->\n\n\n\n<p>POR: Dalia De Le\u00f3n Adams<\/p>\n\n\n\n<p class=\"has-text-align-center\"><em>*Puso a su p\u00fablico a corear las canciones de Pie,<\/em><\/p>\n\n\n\n<p class=\"has-text-align-center\"><em>y a bailar.*<\/em><\/p>\n\n\n\n<div class=\"wp-block-cover has-parallax is-repeated\"><div class=\"wp-block-cover__image-background wp-image-10770 has-parallax is-repeated\" style=\"background-position:50% 50%;background-image:url(https:\/\/puertahaciaelarte.com\/wp-content\/uploads\/2026\/04\/11-15-683x1024.jpeg)\"><\/div><span aria-hidden=\"true\" class=\"wp-block-cover__background has-background-dim\"><\/span><div class=\"wp-block-cover__inner-container is-layout-flow wp-block-cover-is-layout-flow\">\n<p class=\"has-text-align-center has-large-font-size\"><\/p>\n<\/div><\/div>\n\n\n\n<div class=\"wp-block-cover has-parallax is-repeated\"><div class=\"wp-block-cover__image-background wp-image-10757 has-parallax is-repeated\" style=\"background-position:50% 50%;background-image:url(https:\/\/puertahaciaelarte.com\/wp-content\/uploads\/2026\/04\/3-19-683x1024.jpeg)\"><\/div><span aria-hidden=\"true\" class=\"wp-block-cover__background has-background-dim\"><\/span><div class=\"wp-block-cover__inner-container is-layout-flow wp-block-cover-is-layout-flow\">\n<p class=\"has-text-align-center has-large-font-size\"><\/p>\n<\/div><\/div>\n\n\n\n<div class=\"wp-block-cover has-parallax is-repeated\"><div class=\"wp-block-cover__image-background wp-image-10756 has-parallax is-repeated\" style=\"background-position:50% 50%;background-image:url(https:\/\/puertahaciaelarte.com\/wp-content\/uploads\/2026\/04\/5-17-683x1024.jpeg)\"><\/div><span aria-hidden=\"true\" class=\"wp-block-cover__background has-background-dim\"><\/span><div class=\"wp-block-cover__inner-container is-layout-flow wp-block-cover-is-layout-flow\">\n<p class=\"has-text-align-center has-large-font-size\"><\/p>\n<\/div><\/div>\n\n\n\n<div class=\"wp-block-cover has-parallax is-repeated\"><div class=\"wp-block-cover__image-background wp-image-10759 has-parallax is-repeated\" style=\"background-position:50% 50%;background-image:url(https:\/\/puertahaciaelarte.com\/wp-content\/uploads\/2026\/04\/11-14-683x1024.jpeg)\"><\/div><span aria-hidden=\"true\" class=\"wp-block-cover__background has-background-dim\"><\/span><div class=\"wp-block-cover__inner-container is-layout-flow wp-block-cover-is-layout-flow\">\n<p class=\"has-text-align-center has-large-font-size\"><\/p>\n<\/div><\/div>\n\n\n\n<div class=\"wp-block-cover has-parallax is-repeated\"><div class=\"wp-block-cover__image-background wp-image-10760 has-parallax is-repeated\" style=\"background-position:50% 50%;background-image:url(https:\/\/puertahaciaelarte.com\/wp-content\/uploads\/2026\/04\/6-15-1024x683.jpeg)\"><\/div><span aria-hidden=\"true\" class=\"wp-block-cover__background has-background-dim\"><\/span><div class=\"wp-block-cover__inner-container is-layout-flow wp-block-cover-is-layout-flow\">\n<p class=\"has-text-align-center has-large-font-size\"><\/p>\n<\/div><\/div>\n\n\n\n<p><strong>Totalmente lleno \u201cEl Centro de Espect\u00e1culos LA MARAKA\u201d nuestro \u00c1NGEL DEL ROCK<\/strong> por fin llev\u00f3 a cabo el d\u00eda de ayer 26 de abril 2026, el concierto que semanas atr\u00e1s hab\u00eda sido del conocimiento de los medios de comunicaci\u00f3n. Medios quienes tambi\u00e9n asistimos al \u201cCentro de Espect\u00e1culos&nbsp; LA MARAKA\u201d para disfrutar de sus grandes \u00e9xitos, escuch\u00e1ndose entre sus FANS algunos gritos emotivos y frases sugerentes o atrevidas hacia el cantante, como suele suceder en los conciertos en vivo.<\/p>\n\n\n\n<p>Como ya hab\u00eda comentado en la nota de la Conferencia de Prensa en la que se present\u00f3 el cantautor LAUREANO BRIZUELA, tras de a\u00f1os de madurez que le ha brindado el escenario, ahora tambi\u00e9n incursiona en el g\u00e9nero del BLUES e introduce a su repertorio algunas nuevas creaciones, adem\u00e1s de alg\u00fan \u201cCl\u00e1sico del Rock and Roll\u201d en Ingl\u00e9s.<\/p>\n\n\n\n<p>As\u00ed fue como interpret\u00f3 con estrofas tanto en espa\u00f1ol, como en ingl\u00e9s, junto con a una cantante invitada en su programa de SET COUNTRY, la afamada pieza musical HAVE YOU EVER SEEN THE RAIN que diera a conocer la ic\u00f3nica banda estadounidense \u201cCreedence Clearwater Revival\u201d en la d\u00e9cada de los 70\u2019s dentro de su \u00c1lbum \u201cPendulum\u201d.<\/p>\n\n\n\n<figure class=\"wp-block-image size-large\"><img loading=\"lazy\" decoding=\"async\" width=\"1024\" height=\"683\" src=\"https:\/\/puertahaciaelarte.com\/wp-content\/uploads\/2026\/04\/4-15-1024x683.jpeg\" alt=\"\" class=\"wp-image-10778\" srcset=\"https:\/\/puertahaciaelarte.com\/wp-content\/uploads\/2026\/04\/4-15-1024x683.jpeg 1024w, https:\/\/puertahaciaelarte.com\/wp-content\/uploads\/2026\/04\/4-15-300x200.jpeg 300w, https:\/\/puertahaciaelarte.com\/wp-content\/uploads\/2026\/04\/4-15-768x512.jpeg 768w, https:\/\/puertahaciaelarte.com\/wp-content\/uploads\/2026\/04\/4-15-1536x1024.jpeg 1536w, https:\/\/puertahaciaelarte.com\/wp-content\/uploads\/2026\/04\/4-15.jpeg 1599w\" sizes=\"auto, (max-width: 706px) 89vw, (max-width: 767px) 82vw, 740px\" \/><\/figure>\n\n\n\n<div class=\"wp-block-cover has-parallax is-repeated\"><div class=\"wp-block-cover__image-background wp-image-10779 has-parallax is-repeated\" style=\"background-position:50% 50%;background-image:url(https:\/\/puertahaciaelarte.com\/wp-content\/uploads\/2026\/04\/9-14-683x1024.jpeg)\"><\/div><span aria-hidden=\"true\" class=\"wp-block-cover__background has-background-dim\"><\/span><div class=\"wp-block-cover__inner-container is-layout-flow wp-block-cover-is-layout-flow\">\n<p class=\"has-text-align-center has-large-font-size\"><\/p>\n<\/div><\/div>\n\n\n\n<p>Sin embargo el p\u00fablico lo que deseaba era escuchar las canciones creadas por el mismo \u00c1NGEL DEL ROCK que tambi\u00e9n se volvieron ic\u00f3nicas en su momento, como lo ser\u00eda AM\u00c1NDOTE, con la cual inici\u00f3 su ESPECT\u00c1CULO MUSICAL que de inmediato prendi\u00f3 a sus m\u00faltiples seguidores.<\/p>\n\n\n\n<p>Y por supuesto que NO pod\u00eda dejar de interpretar el mayor de sus \u00e9xitos, es decir SUE\u00d1OS COMPARTIDOS, con la cual serr\u00f3 formalmente su concierto, aun cuando el p\u00fablico por supuesto le pidi\u00f3 que interpretar\u00e1 m\u00e1s canciones.<\/p>\n\n\n\n<p>De dicha manera LAUREANO BRIZUELA, conocido tambi\u00e9n como EL \u00c1NGEL DEL ROCK, demostr\u00f3 qu\u00e9 \u201ccontin\u00faa tan vigente como siempre con sus canciones\u201d y ocupando todav\u00eda EL CORAZ\u00d3N DE SUS FANS.<\/p>\n\n\n\n<p>https:\/\/music.aple.com<\/p>\n\n\n\n<p><\/p>\n\n\n\n<p><strong>RP: VER\u00d3NICA<\/strong><\/p>\n\n\n\n<figure class=\"wp-block-embed is-type-video is-provider-youtube wp-block-embed-youtube wp-embed-aspect-16-9 wp-has-aspect-ratio\"><div class=\"wp-block-embed__wrapper\">\n<iframe loading=\"lazy\" title=\"LAUREANO BRIZUELA \" width=\"525\" height=\"295\" src=\"https:\/\/www.youtube.com\/embed\/GsQ-dR_P5Fc?feature=oembed\" frameborder=\"0\" allow=\"accelerometer; autoplay; clipboard-write; encrypted-media; gyroscope; picture-in-picture; web-share\" referrerpolicy=\"strict-origin-when-cross-origin\" allowfullscreen><\/iframe>\n<\/div><\/figure>\n\n\n\n<figure class=\"wp-block-embed is-type-video is-provider-youtube wp-block-embed-youtube wp-embed-aspect-16-9 wp-has-aspect-ratio\"><div class=\"wp-block-embed__wrapper\">\n<iframe loading=\"lazy\" title=\"LAUREANO BRIZUELA \" width=\"525\" height=\"295\" src=\"https:\/\/www.youtube.com\/embed\/8nCJdCyG62s?feature=oembed\" frameborder=\"0\" allow=\"accelerometer; autoplay; clipboard-write; encrypted-media; gyroscope; picture-in-picture; web-share\" referrerpolicy=\"strict-origin-when-cross-origin\" allowfullscreen><\/iframe>\n<\/div><\/figure>\n\n\n\n<figure class=\"wp-block-image size-large wp-duotone-midnight\"><img loading=\"lazy\" decoding=\"async\" width=\"683\" height=\"1024\" src=\"https:\/\/puertahaciaelarte.com\/wp-content\/uploads\/2026\/04\/11-16-683x1024.jpeg\" alt=\"\" class=\"wp-image-10776\" srcset=\"https:\/\/puertahaciaelarte.com\/wp-content\/uploads\/2026\/04\/11-16-683x1024.jpeg 683w, https:\/\/puertahaciaelarte.com\/wp-content\/uploads\/2026\/04\/11-16-200x300.jpeg 200w, https:\/\/puertahaciaelarte.com\/wp-content\/uploads\/2026\/04\/11-16-768x1152.jpeg 768w, https:\/\/puertahaciaelarte.com\/wp-content\/uploads\/2026\/04\/11-16-1024x1536.jpeg 1024w, https:\/\/puertahaciaelarte.com\/wp-content\/uploads\/2026\/04\/11-16.jpeg 1066w\" sizes=\"auto, (max-width: 683px) 100vw, 683px\" \/><\/figure>\n","protected":false},"excerpt":{"rendered":"","protected":false},"author":3,"featured_media":10760,"comment_status":"open","ping_status":"closed","sticky":false,"template":"","format":"standard","meta":{"footnotes":""},"categories":[18,16],"tags":[],"class_list":["post-10753","post","type-post","status-publish","format-standard","has-post-thumbnail","hentry","category-eventos","category-musica"],"_links":{"self":[{"href":"https:\/\/puertahaciaelarte.com\/index.php\/wp-json\/wp\/v2\/posts\/10753","targetHints":{"allow":["GET"]}}],"collection":[{"href":"https:\/\/puertahaciaelarte.com\/index.php\/wp-json\/wp\/v2\/posts"}],"about":[{"href":"https:\/\/puertahaciaelarte.com\/index.php\/wp-json\/wp\/v2\/types\/post"}],"author":[{"embeddable":true,"href":"https:\/\/puertahaciaelarte.com\/index.php\/wp-json\/wp\/v2\/users\/3"}],"replies":[{"embeddable":true,"href":"https:\/\/puertahaciaelarte.com\/index.php\/wp-json\/wp\/v2\/comments?post=10753"}],"version-history":[{"count":10,"href":"https:\/\/puertahaciaelarte.com\/index.php\/wp-json\/wp\/v2\/posts\/10753\/revisions"}],"predecessor-version":[{"id":10780,"href":"https:\/\/puertahaciaelarte.com\/index.php\/wp-json\/wp\/v2\/posts\/10753\/revisions\/10780"}],"wp:featuredmedia":[{"embeddable":true,"href":"https:\/\/puertahaciaelarte.com\/index.php\/wp-json\/wp\/v2\/media\/10760"}],"wp:attachment":[{"href":"https:\/\/puertahaciaelarte.com\/index.php\/wp-json\/wp\/v2\/media?parent=10753"}],"wp:term":[{"taxonomy":"category","embeddable":true,"href":"https:\/\/puertahaciaelarte.com\/index.php\/wp-json\/wp\/v2\/categories?post=10753"},{"taxonomy":"post_tag","embeddable":true,"href":"https:\/\/puertahaciaelarte.com\/index.php\/wp-json\/wp\/v2\/tags?post=10753"}],"curies":[{"name":"wp","href":"https:\/\/api.w.org\/{rel}","templated":true}]}}